{"id":20162,"date":"2026-08-28T08:27:39","date_gmt":"2026-08-28T08:27:39","guid":{"rendered":"https:\/\/www.alerionavocats.com\/?p=20162"},"modified":"2026-08-28T08:27:40","modified_gmt":"2026-08-28T08:27:40","slug":"interview-with-scheherazade-abboub-on-sud-radio","status":"publish","type":"post","link":"https:\/\/www.alerionavocats.com\/en\/interview-with-scheherazade-abboub-on-sud-radio\/","title":{"rendered":"Interview with Sch\u00e9h\u00e9razade Abboub on Sud Radio"},"content":{"rendered":"\n<p class=\"wp-block-paragraph\">Last night, our partner <a href=\"https:\/\/www.alerionavocats.com\/en\/avocat\/sceherazade-abboub\/\" type=\"link\" id=\"https:\/\/www.alerionavocats.com\/en\/avocat\/sceherazade-abboub\/\">Sch\u00e9h\u00e9razade Abboub<\/a>, who specializes in digital, data, and innovation law, was interviewed on Sud Radio for the segment \u201cLes Vraies Voix,\u201d which focused on cybersecurity issues, data protection, and developments in the European legal framework, alongside Micka\u00ebl Szerman, Philippe Bouriachi, and Geoffrey Wu-Perrot.<\/p>\n\n\n\n<p class=\"wp-block-paragraph\">During the discussion, several current topics were addressed:<\/p>\n\n\n\n<p class=\"wp-block-paragraph\">\u2022 The legal consequences of cyberattacks and the importance for victims not to hesitate to take their cases to court to assert their rights;<\/p>\n\n\n\n<p class=\"wp-block-paragraph\">\u2022 The role of the judiciary and the growing recognition of cybersecurity-related litigation, which is helping to establish case law in this area;<\/p>\n\n\n\n<p class=\"wp-block-paragraph\">\u2022 The communication challenges faced by public authorities in addressing cyber risks, whether they involve public or private entities;<\/p>\n\n\n\n<p class=\"wp-block-paragraph\">\u2022 The GDPR, which remains an essential European framework for the protection of personal data, while evolving to address the new challenges posed by the rise of artificial intelligence.<\/p>\n\n\n\n<p class=\"wp-block-paragraph\">\ud83c\udf99\ufe0fThis presentation also served as a reminder that cybersecurity relies on technical measures, governance mechanisms, and a protective legal framework that fosters digital trust.<\/p>\n\n\n\n<p class=\"wp-block-paragraph\">\ud83d\udc49To watch Sch\u00e9h\u00e9razade Abboub\u2019s segment (starting at 1:13) and view the entire episode:<a href=\"https:\/\/www.linkedin.com\/safety\/go\/?url=https%3A%2F%2Flnkd%2Ein%2FeChZ4iQ4&amp;urlhash=EFEj&amp;mt=1vPtKojsxR1SYxpVlOPCK0x13QAs_kRpQnqhs9xa9dY9T1-z9mAhLKM30ewMi4S8ROYjz6DSVK5FOgytkYEgdvQvlYTAuWXwH8IjEp9PbP-r1-vcBMXbOqRj7g&amp;isSdui=true\" target=\"_blank\" rel=\"noopener\"><strong>https:\/\/lnkd.in\/eChZ4iQ4<\/strong><\/a><\/p>\n\n\n\n<p class=\"wp-block-paragraph\"><\/p>\n","protected":false},"excerpt":{"rendered":"<p>Last night, our partner Sch\u00e9h\u00e9razade Abboub, who specializes in digital, data, and innovation law, was interviewed on Sud Radio for the segment \u201cLes Vraies Voix,\u201d which focused on cybersecurity issues, data protection, and developments in the European legal framework, alongside Micka\u00ebl Szerman, Philippe Bouriachi, and Geoffrey Wu-Perrot. During the discussion, several current topics were addressed: [&hellip;]<\/p>\n","protected":false},"author":22,"featured_media":0,"comment_status":"closed","ping_status":"closed","sticky":false,"template":"","format":"standard","meta":{"_acf_changed":false,"footnotes":""},"categories":[662],"tags":[],"class_list":["post-20162","post","type-post","status-publish","format-standard","hentry","category-publication"],"acf":[],"yoast_head":"<!-- This site is optimized with the Yoast SEO plugin v28.3 - https:\/\/yoast.com\/product\/yoast-seo-wordpress\/ -->\n<title>Interview with Sch\u00e9h\u00e9razade Abboub on Sud Radio - Alerion Avocats Paris<\/title>\n<meta name=\"description\" content=\"Sch\u00e9h\u00e9razade Abboub, who specializes in digital, data, and innovation law, was interviewed on Sud Radio for the segment \u201cLes Vraies Voix&quot;...\" \/>\n<meta name=\"robots\" content=\"index, follow, max-snippet:-1, max-image-preview:large, max-video-preview:-1\" \/>\n<link rel=\"canonical\" href=\"https:\/\/www.alerionavocats.com\/en\/interview-with-scheherazade-abboub-on-sud-radio\/\" \/>\n<meta property=\"og:locale\" content=\"en_US\" \/>\n<meta property=\"og:type\" content=\"article\" \/>\n<meta property=\"og:title\" content=\"Interview with Sch\u00e9h\u00e9razade Abboub on Sud Radio - Alerion Avocats Paris\" \/>\n<meta property=\"og:description\" content=\"Sch\u00e9h\u00e9razade Abboub, who specializes in digital, data, and innovation law, was interviewed on Sud Radio for the segment \u201cLes Vraies Voix&quot;...\" \/>\n<meta property=\"og:url\" content=\"https:\/\/www.alerionavocats.com\/en\/interview-with-scheherazade-abboub-on-sud-radio\/\" \/>\n<meta property=\"og:site_name\" content=\"Alerion Avocats Paris\" \/>\n<meta property=\"article:published_time\" content=\"2026-08-28T08:27:39+00:00\" \/>\n<meta property=\"article:modified_time\" content=\"2026-08-28T08:27:40+00:00\" \/>\n<meta name=\"author\" content=\"In\u00e8s MEKCHICHE\" \/>\n<meta name=\"twitter:card\" content=\"summary_large_image\" \/>\n<meta name=\"twitter:label1\" content=\"Written by\" \/>\n\t<meta name=\"twitter:data1\" content=\"In\u00e8s MEKCHICHE\" \/>\n\t<meta name=\"twitter:label2\" content=\"Est. reading time\" \/>\n\t<meta name=\"twitter:data2\" content=\"1 minute\" \/>\n<script type=\"application\/ld+json\" class=\"yoast-schema-graph\">{\"@context\":\"https:\\\/\\\/schema.org\",\"@graph\":[{\"@type\":\"Article\",\"@id\":\"https:\\\/\\\/www.alerionavocats.com\\\/en\\\/interview-with-scheherazade-abboub-on-sud-radio\\\/#article\",\"isPartOf\":{\"@id\":\"https:\\\/\\\/www.alerionavocats.com\\\/en\\\/interview-with-scheherazade-abboub-on-sud-radio\\\/\"},\"author\":{\"name\":\"In\u00e8s MEKCHICHE\",\"@id\":\"https:\\\/\\\/www.alerionavocats.com\\\/#\\\/schema\\\/person\\\/3db18d2572662f8a555ae49d1bf414a3\"},\"headline\":\"Interview with Sch\u00e9h\u00e9razade Abboub on Sud Radio\",\"datePublished\":\"2026-08-28T08:27:39+00:00\",\"dateModified\":\"2026-08-28T08:27:40+00:00\",\"mainEntityOfPage\":{\"@id\":\"https:\\\/\\\/www.alerionavocats.com\\\/en\\\/interview-with-scheherazade-abboub-on-sud-radio\\\/\"},\"wordCount\":202,\"articleSection\":[\"Press\"],\"inLanguage\":\"en-US\"},{\"@type\":\"WebPage\",\"@id\":\"https:\\\/\\\/www.alerionavocats.com\\\/en\\\/interview-with-scheherazade-abboub-on-sud-radio\\\/\",\"url\":\"https:\\\/\\\/www.alerionavocats.com\\\/en\\\/interview-with-scheherazade-abboub-on-sud-radio\\\/\",\"name\":\"Interview with Sch\u00e9h\u00e9razade Abboub on Sud Radio - Alerion Avocats Paris\",\"isPartOf\":{\"@id\":\"https:\\\/\\\/www.alerionavocats.com\\\/#website\"},\"datePublished\":\"2026-08-28T08:27:39+00:00\",\"dateModified\":\"2026-08-28T08:27:40+00:00\",\"author\":{\"@id\":\"https:\\\/\\\/www.alerionavocats.com\\\/#\\\/schema\\\/person\\\/3db18d2572662f8a555ae49d1bf414a3\"},\"description\":\"Sch\u00e9h\u00e9razade Abboub, who specializes in digital, data, and innovation law, was interviewed on Sud Radio for the segment \u201cLes Vraies Voix\\\"...\",\"breadcrumb\":{\"@id\":\"https:\\\/\\\/www.alerionavocats.com\\\/en\\\/interview-with-scheherazade-abboub-on-sud-radio\\\/#breadcrumb\"},\"inLanguage\":\"en-US\",\"potentialAction\":[{\"@type\":\"ReadAction\",\"target\":[\"https:\\\/\\\/www.alerionavocats.com\\\/en\\\/interview-with-scheherazade-abboub-on-sud-radio\\\/\"]}]},{\"@type\":\"BreadcrumbList\",\"@id\":\"https:\\\/\\\/www.alerionavocats.com\\\/en\\\/interview-with-scheherazade-abboub-on-sud-radio\\\/#breadcrumb\",\"itemListElement\":[{\"@type\":\"ListItem\",\"position\":1,\"name\":\"Home\",\"item\":\"https:\\\/\\\/www.alerionavocats.com\\\/en\\\/\"},{\"@type\":\"ListItem\",\"position\":2,\"name\":\"Interview with Sch\u00e9h\u00e9razade Abboub on Sud Radio\"}]},{\"@type\":\"WebSite\",\"@id\":\"https:\\\/\\\/www.alerionavocats.com\\\/#website\",\"url\":\"https:\\\/\\\/www.alerionavocats.com\\\/\",\"name\":\"Alerion Avocats Paris\",\"description\":\"Alerion Avocats Paris\",\"potentialAction\":[{\"@type\":\"SearchAction\",\"target\":{\"@type\":\"EntryPoint\",\"urlTemplate\":\"https:\\\/\\\/www.alerionavocats.com\\\/?s={search_term_string}\"},\"query-input\":{\"@type\":\"PropertyValueSpecification\",\"valueRequired\":true,\"valueName\":\"search_term_string\"}}],\"inLanguage\":\"en-US\"},{\"@type\":\"Person\",\"@id\":\"https:\\\/\\\/www.alerionavocats.com\\\/#\\\/schema\\\/person\\\/3db18d2572662f8a555ae49d1bf414a3\",\"name\":\"In\u00e8s MEKCHICHE\",\"image\":{\"@type\":\"ImageObject\",\"inLanguage\":\"en-US\",\"@id\":\"https:\\\/\\\/secure.gravatar.com\\\/avatar\\\/36bbc5b88e040b2f04370aee184e54b1fe615bfede77b520d23f90de8653d308?s=96&d=mm&r=g\",\"url\":\"https:\\\/\\\/secure.gravatar.com\\\/avatar\\\/36bbc5b88e040b2f04370aee184e54b1fe615bfede77b520d23f90de8653d308?s=96&d=mm&r=g\",\"contentUrl\":\"https:\\\/\\\/secure.gravatar.com\\\/avatar\\\/36bbc5b88e040b2f04370aee184e54b1fe615bfede77b520d23f90de8653d308?s=96&d=mm&r=g\",\"caption\":\"In\u00e8s MEKCHICHE\"}}]}<\/script>\n<!-- \/ Yoast SEO plugin. -->","yoast_head_json":{"title":"Interview with Sch\u00e9h\u00e9razade Abboub on Sud Radio - Alerion Avocats Paris","description":"Sch\u00e9h\u00e9razade Abboub, who specializes in digital, data, and innovation law, was interviewed on Sud Radio for the segment \u201cLes Vraies Voix\"...","robots":{"index":"index","follow":"follow","max-snippet":"max-snippet:-1","max-image-preview":"max-image-preview:large","max-video-preview":"max-video-preview:-1"},"canonical":"https:\/\/www.alerionavocats.com\/en\/interview-with-scheherazade-abboub-on-sud-radio\/","og_locale":"en_US","og_type":"article","og_title":"Interview with Sch\u00e9h\u00e9razade Abboub on Sud Radio - Alerion Avocats Paris","og_description":"Sch\u00e9h\u00e9razade Abboub, who specializes in digital, data, and innovation law, was interviewed on Sud Radio for the segment \u201cLes Vraies Voix\"...","og_url":"https:\/\/www.alerionavocats.com\/en\/interview-with-scheherazade-abboub-on-sud-radio\/","og_site_name":"Alerion Avocats Paris","article_published_time":"2026-08-28T08:27:39+00:00","article_modified_time":"2026-08-28T08:27:40+00:00","author":"In\u00e8s MEKCHICHE","twitter_card":"summary_large_image","twitter_misc":{"Written by":"In\u00e8s MEKCHICHE","Est. reading time":"1 minute"},"schema":{"@context":"https:\/\/schema.org","@graph":[{"@type":"Article","@id":"https:\/\/www.alerionavocats.com\/en\/interview-with-scheherazade-abboub-on-sud-radio\/#article","isPartOf":{"@id":"https:\/\/www.alerionavocats.com\/en\/interview-with-scheherazade-abboub-on-sud-radio\/"},"author":{"name":"In\u00e8s MEKCHICHE","@id":"https:\/\/www.alerionavocats.com\/#\/schema\/person\/3db18d2572662f8a555ae49d1bf414a3"},"headline":"Interview with Sch\u00e9h\u00e9razade Abboub on Sud Radio","datePublished":"2026-08-28T08:27:39+00:00","dateModified":"2026-08-28T08:27:40+00:00","mainEntityOfPage":{"@id":"https:\/\/www.alerionavocats.com\/en\/interview-with-scheherazade-abboub-on-sud-radio\/"},"wordCount":202,"articleSection":["Press"],"inLanguage":"en-US"},{"@type":"WebPage","@id":"https:\/\/www.alerionavocats.com\/en\/interview-with-scheherazade-abboub-on-sud-radio\/","url":"https:\/\/www.alerionavocats.com\/en\/interview-with-scheherazade-abboub-on-sud-radio\/","name":"Interview with Sch\u00e9h\u00e9razade Abboub on Sud Radio - Alerion Avocats Paris","isPartOf":{"@id":"https:\/\/www.alerionavocats.com\/#website"},"datePublished":"2026-08-28T08:27:39+00:00","dateModified":"2026-08-28T08:27:40+00:00","author":{"@id":"https:\/\/www.alerionavocats.com\/#\/schema\/person\/3db18d2572662f8a555ae49d1bf414a3"},"description":"Sch\u00e9h\u00e9razade Abboub, who specializes in digital, data, and innovation law, was interviewed on Sud Radio for the segment \u201cLes Vraies Voix\"...","breadcrumb":{"@id":"https:\/\/www.alerionavocats.com\/en\/interview-with-scheherazade-abboub-on-sud-radio\/#breadcrumb"},"inLanguage":"en-US","potentialAction":[{"@type":"ReadAction","target":["https:\/\/www.alerionavocats.com\/en\/interview-with-scheherazade-abboub-on-sud-radio\/"]}]},{"@type":"BreadcrumbList","@id":"https:\/\/www.alerionavocats.com\/en\/interview-with-scheherazade-abboub-on-sud-radio\/#breadcrumb","itemListElement":[{"@type":"ListItem","position":1,"name":"Home","item":"https:\/\/www.alerionavocats.com\/en\/"},{"@type":"ListItem","position":2,"name":"Interview with Sch\u00e9h\u00e9razade Abboub on Sud Radio"}]},{"@type":"WebSite","@id":"https:\/\/www.alerionavocats.com\/#website","url":"https:\/\/www.alerionavocats.com\/","name":"Alerion Avocats Paris","description":"Alerion Avocats Paris","potentialAction":[{"@type":"SearchAction","target":{"@type":"EntryPoint","urlTemplate":"https:\/\/www.alerionavocats.com\/?s={search_term_string}"},"query-input":{"@type":"PropertyValueSpecification","valueRequired":true,"valueName":"search_term_string"}}],"inLanguage":"en-US"},{"@type":"Person","@id":"https:\/\/www.alerionavocats.com\/#\/schema\/person\/3db18d2572662f8a555ae49d1bf414a3","name":"In\u00e8s MEKCHICHE","image":{"@type":"ImageObject","inLanguage":"en-US","@id":"https:\/\/secure.gravatar.com\/avatar\/36bbc5b88e040b2f04370aee184e54b1fe615bfede77b520d23f90de8653d308?s=96&d=mm&r=g","url":"https:\/\/secure.gravatar.com\/avatar\/36bbc5b88e040b2f04370aee184e54b1fe615bfede77b520d23f90de8653d308?s=96&d=mm&r=g","contentUrl":"https:\/\/secure.gravatar.com\/avatar\/36bbc5b88e040b2f04370aee184e54b1fe615bfede77b520d23f90de8653d308?s=96&d=mm&r=g","caption":"In\u00e8s MEKCHICHE"}}]}},"_links":{"self":[{"href":"https:\/\/www.alerionavocats.com\/en\/wp-json\/wp\/v2\/posts\/20162","targetHints":{"allow":["GET"]}}],"collection":[{"href":"https:\/\/www.alerionavocats.com\/en\/wp-json\/wp\/v2\/posts"}],"about":[{"href":"https:\/\/www.alerionavocats.com\/en\/wp-json\/wp\/v2\/types\/post"}],"author":[{"embeddable":true,"href":"https:\/\/www.alerionavocats.com\/en\/wp-json\/wp\/v2\/users\/22"}],"replies":[{"embeddable":true,"href":"https:\/\/www.alerionavocats.com\/en\/wp-json\/wp\/v2\/comments?post=20162"}],"version-history":[{"count":1,"href":"https:\/\/www.alerionavocats.com\/en\/wp-json\/wp\/v2\/posts\/20162\/revisions"}],"predecessor-version":[{"id":20163,"href":"https:\/\/www.alerionavocats.com\/en\/wp-json\/wp\/v2\/posts\/20162\/revisions\/20163"}],"wp:attachment":[{"href":"https:\/\/www.alerionavocats.com\/en\/wp-json\/wp\/v2\/media?parent=20162"}],"wp:term":[{"taxonomy":"category","embeddable":true,"href":"https:\/\/www.alerionavocats.com\/en\/wp-json\/wp\/v2\/categories?post=20162"},{"taxonomy":"post_tag","embeddable":true,"href":"https:\/\/www.alerionavocats.com\/en\/wp-json\/wp\/v2\/tags?post=20162"}],"curies":[{"name":"wp","href":"https:\/\/api.w.org\/{rel}","templated":true}]}}