{"id":9710,"date":"2021-03-04T15:11:36","date_gmt":"2021-03-04T15:11:36","guid":{"rendered":"https:\/\/www.alerionavocats.com\/?p=9710"},"modified":"2021-10-27T10:23:06","modified_gmt":"2021-10-27T10:23:06","slug":"corona-privatrecht-deutschland-frankreich","status":"publish","type":"post","link":"https:\/\/www.alerionavocats.com\/de\/corona-privatrecht-deutschland-frankreich\/","title":{"rendered":"Corona und Privatrecht in Deutschland und Frankreich"},"content":{"rendered":"<p><a href=\"https:\/\/www.alerionavocats.com\/de\/avocat\/nicola-kompf\/\"><strong>Nicola K\u00f6mpf<\/strong><\/a>, avocat au barreau de Paris, Rechtsanw\u00e4ltin Berlin, hat am 2. M\u00e4rz 2021 gemeinsam mit Herrn Prof. Marc-Philippe Weller der Universit\u00e4t Heidelberg, einen virtuellen Diskussionsabend im Rahmen der deutsch-franz\u00f6sischen Juristenvereinigung zum Thema <em>\u201eCorona und Privatrecht in Deutschland und Frankreich\u201c<\/em> geleitet.<\/p>\n","protected":false},"excerpt":{"rendered":"<p>Nicola K\u00f6mpf, avocat au barreau de Paris, Rechtsanw\u00e4ltin Berlin, hat am 2. M\u00e4rz 2021 gemeinsam mit Herrn Prof. Marc-Philippe Weller der Universit\u00e4t Heidelberg, einen virtuellen Diskussionsabend im Rahmen der deutsch-franz\u00f6sischen Juristenvereinigung zum Thema \u201eCorona und Privatrecht in Deutschland und Frankreich\u201c geleitet.<\/p>\n","protected":false},"author":4,"featured_media":4421,"comment_status":"closed","ping_status":"open","sticky":false,"template":"","format":"standard","meta":{"_acf_changed":false,"footnotes":""},"categories":[676],"tags":[],"class_list":["post-9710","post","type-post","status-publish","format-standard","has-post-thumbnail","hentry","category-kanzlei-news"],"acf":[],"yoast_head":"<!-- This site is optimized with the Yoast SEO plugin v27.3 - https:\/\/yoast.com\/product\/yoast-seo-wordpress\/ -->\n<title>Corona und Privatrecht in Deutschland und Frankreich - Alerion Avocats Paris<\/title>\n<meta name=\"robots\" content=\"index, follow, max-snippet:-1, max-image-preview:large, max-video-preview:-1\" \/>\n<link rel=\"canonical\" href=\"https:\/\/www.alerionavocats.com\/de\/corona-privatrecht-deutschland-frankreich\/\" \/>\n<meta property=\"og:locale\" content=\"de_DE\" \/>\n<meta property=\"og:type\" content=\"article\" \/>\n<meta property=\"og:title\" content=\"Corona und Privatrecht in Deutschland und Frankreich - Alerion Avocats Paris\" \/>\n<meta property=\"og:description\" content=\"Nicola K\u00f6mpf, avocat au barreau de Paris, Rechtsanw\u00e4ltin Berlin, hat am 2. M\u00e4rz 2021 gemeinsam mit Herrn Prof. Marc-Philippe Weller der Universit\u00e4t Heidelberg, einen virtuellen Diskussionsabend im Rahmen der deutsch-franz\u00f6sischen Juristenvereinigung zum Thema \u201eCorona und Privatrecht in Deutschland und Frankreich\u201c geleitet.\" \/>\n<meta property=\"og:url\" content=\"https:\/\/www.alerionavocats.com\/de\/corona-privatrecht-deutschland-frankreich\/\" \/>\n<meta property=\"og:site_name\" content=\"Alerion Avocats Paris\" \/>\n<meta property=\"article:published_time\" content=\"2021-03-04T15:11:36+00:00\" \/>\n<meta property=\"article:modified_time\" content=\"2021-10-27T10:23:06+00:00\" \/>\n<meta property=\"og:image\" content=\"https:\/\/www.alerionavocats.com\/wp-content\/uploads\/2020\/01\/image-news.jpg\" \/>\n\t<meta property=\"og:image:width\" content=\"2560\" \/>\n\t<meta property=\"og:image:height\" content=\"1103\" \/>\n\t<meta property=\"og:image:type\" content=\"image\/jpeg\" \/>\n<meta name=\"author\" content=\"Alerion_02\" \/>\n<meta name=\"twitter:card\" content=\"summary_large_image\" \/>\n<meta name=\"twitter:label1\" content=\"Verfasst von\" \/>\n\t<meta name=\"twitter:data1\" content=\"Alerion_02\" \/>\n<script type=\"application\/ld+json\" class=\"yoast-schema-graph\">{\"@context\":\"https:\\\/\\\/schema.org\",\"@graph\":[{\"@type\":\"Article\",\"@id\":\"https:\\\/\\\/www.alerionavocats.com\\\/de\\\/corona-privatrecht-deutschland-frankreich\\\/#article\",\"isPartOf\":{\"@id\":\"https:\\\/\\\/www.alerionavocats.com\\\/de\\\/corona-privatrecht-deutschland-frankreich\\\/\"},\"author\":{\"name\":\"Alerion_02\",\"@id\":\"https:\\\/\\\/www.alerionavocats.com\\\/#\\\/schema\\\/person\\\/6cd63e610407c43f6262f080a3eb39d5\"},\"headline\":\"Corona und Privatrecht in Deutschland und Frankreich\",\"datePublished\":\"2021-03-04T15:11:36+00:00\",\"dateModified\":\"2021-10-27T10:23:06+00:00\",\"mainEntityOfPage\":{\"@id\":\"https:\\\/\\\/www.alerionavocats.com\\\/de\\\/corona-privatrecht-deutschland-frankreich\\\/\"},\"wordCount\":51,\"image\":{\"@id\":\"https:\\\/\\\/www.alerionavocats.com\\\/de\\\/corona-privatrecht-deutschland-frankreich\\\/#primaryimage\"},\"thumbnailUrl\":\"https:\\\/\\\/www.alerionavocats.com\\\/wp-content\\\/uploads\\\/2020\\\/01\\\/image-news.jpg\",\"articleSection\":[\"Kanzlei News\"],\"inLanguage\":\"de\"},{\"@type\":\"WebPage\",\"@id\":\"https:\\\/\\\/www.alerionavocats.com\\\/de\\\/corona-privatrecht-deutschland-frankreich\\\/\",\"url\":\"https:\\\/\\\/www.alerionavocats.com\\\/de\\\/corona-privatrecht-deutschland-frankreich\\\/\",\"name\":\"Corona und Privatrecht in Deutschland und Frankreich - Alerion Avocats Paris\",\"isPartOf\":{\"@id\":\"https:\\\/\\\/www.alerionavocats.com\\\/#website\"},\"primaryImageOfPage\":{\"@id\":\"https:\\\/\\\/www.alerionavocats.com\\\/de\\\/corona-privatrecht-deutschland-frankreich\\\/#primaryimage\"},\"image\":{\"@id\":\"https:\\\/\\\/www.alerionavocats.com\\\/de\\\/corona-privatrecht-deutschland-frankreich\\\/#primaryimage\"},\"thumbnailUrl\":\"https:\\\/\\\/www.alerionavocats.com\\\/wp-content\\\/uploads\\\/2020\\\/01\\\/image-news.jpg\",\"datePublished\":\"2021-03-04T15:11:36+00:00\",\"dateModified\":\"2021-10-27T10:23:06+00:00\",\"author\":{\"@id\":\"https:\\\/\\\/www.alerionavocats.com\\\/#\\\/schema\\\/person\\\/6cd63e610407c43f6262f080a3eb39d5\"},\"breadcrumb\":{\"@id\":\"https:\\\/\\\/www.alerionavocats.com\\\/de\\\/corona-privatrecht-deutschland-frankreich\\\/#breadcrumb\"},\"inLanguage\":\"de\",\"potentialAction\":[{\"@type\":\"ReadAction\",\"target\":[\"https:\\\/\\\/www.alerionavocats.com\\\/de\\\/corona-privatrecht-deutschland-frankreich\\\/\"]}]},{\"@type\":\"ImageObject\",\"inLanguage\":\"de\",\"@id\":\"https:\\\/\\\/www.alerionavocats.com\\\/de\\\/corona-privatrecht-deutschland-frankreich\\\/#primaryimage\",\"url\":\"https:\\\/\\\/www.alerionavocats.com\\\/wp-content\\\/uploads\\\/2020\\\/01\\\/image-news.jpg\",\"contentUrl\":\"https:\\\/\\\/www.alerionavocats.com\\\/wp-content\\\/uploads\\\/2020\\\/01\\\/image-news.jpg\",\"width\":2560,\"height\":1103},{\"@type\":\"BreadcrumbList\",\"@id\":\"https:\\\/\\\/www.alerionavocats.com\\\/de\\\/corona-privatrecht-deutschland-frankreich\\\/#breadcrumb\",\"itemListElement\":[{\"@type\":\"ListItem\",\"position\":1,\"name\":\"Home\",\"item\":\"https:\\\/\\\/www.alerionavocats.com\\\/de\\\/\"},{\"@type\":\"ListItem\",\"position\":2,\"name\":\"Corona und Privatrecht in Deutschland und Frankreich\"}]},{\"@type\":\"WebSite\",\"@id\":\"https:\\\/\\\/www.alerionavocats.com\\\/#website\",\"url\":\"https:\\\/\\\/www.alerionavocats.com\\\/\",\"name\":\"Alerion Avocats Paris\",\"description\":\"Alerion Avocats Paris\",\"potentialAction\":[{\"@type\":\"SearchAction\",\"target\":{\"@type\":\"EntryPoint\",\"urlTemplate\":\"https:\\\/\\\/www.alerionavocats.com\\\/?s={search_term_string}\"},\"query-input\":{\"@type\":\"PropertyValueSpecification\",\"valueRequired\":true,\"valueName\":\"search_term_string\"}}],\"inLanguage\":\"de\"},{\"@type\":\"Person\",\"@id\":\"https:\\\/\\\/www.alerionavocats.com\\\/#\\\/schema\\\/person\\\/6cd63e610407c43f6262f080a3eb39d5\",\"name\":\"Alerion_02\",\"image\":{\"@type\":\"ImageObject\",\"inLanguage\":\"de\",\"@id\":\"https:\\\/\\\/secure.gravatar.com\\\/avatar\\\/f3eed2d386e95ae00b155c68b45e7700e282e8998a32b1accebb79094ad55115?s=96&d=mm&r=g\",\"url\":\"https:\\\/\\\/secure.gravatar.com\\\/avatar\\\/f3eed2d386e95ae00b155c68b45e7700e282e8998a32b1accebb79094ad55115?s=96&d=mm&r=g\",\"contentUrl\":\"https:\\\/\\\/secure.gravatar.com\\\/avatar\\\/f3eed2d386e95ae00b155c68b45e7700e282e8998a32b1accebb79094ad55115?s=96&d=mm&r=g\",\"caption\":\"Alerion_02\"}}]}<\/script>\n<!-- \/ Yoast SEO plugin. -->","yoast_head_json":{"title":"Corona und Privatrecht in Deutschland und Frankreich - Alerion Avocats Paris","robots":{"index":"index","follow":"follow","max-snippet":"max-snippet:-1","max-image-preview":"max-image-preview:large","max-video-preview":"max-video-preview:-1"},"canonical":"https:\/\/www.alerionavocats.com\/de\/corona-privatrecht-deutschland-frankreich\/","og_locale":"de_DE","og_type":"article","og_title":"Corona und Privatrecht in Deutschland und Frankreich - Alerion Avocats Paris","og_description":"Nicola K\u00f6mpf, avocat au barreau de Paris, Rechtsanw\u00e4ltin Berlin, hat am 2. M\u00e4rz 2021 gemeinsam mit Herrn Prof. Marc-Philippe Weller der Universit\u00e4t Heidelberg, einen virtuellen Diskussionsabend im Rahmen der deutsch-franz\u00f6sischen Juristenvereinigung zum Thema \u201eCorona und Privatrecht in Deutschland und Frankreich\u201c geleitet.","og_url":"https:\/\/www.alerionavocats.com\/de\/corona-privatrecht-deutschland-frankreich\/","og_site_name":"Alerion Avocats Paris","article_published_time":"2021-03-04T15:11:36+00:00","article_modified_time":"2021-10-27T10:23:06+00:00","og_image":[{"width":2560,"height":1103,"url":"https:\/\/www.alerionavocats.com\/wp-content\/uploads\/2020\/01\/image-news.jpg","type":"image\/jpeg"}],"author":"Alerion_02","twitter_card":"summary_large_image","twitter_misc":{"Verfasst von":"Alerion_02"},"schema":{"@context":"https:\/\/schema.org","@graph":[{"@type":"Article","@id":"https:\/\/www.alerionavocats.com\/de\/corona-privatrecht-deutschland-frankreich\/#article","isPartOf":{"@id":"https:\/\/www.alerionavocats.com\/de\/corona-privatrecht-deutschland-frankreich\/"},"author":{"name":"Alerion_02","@id":"https:\/\/www.alerionavocats.com\/#\/schema\/person\/6cd63e610407c43f6262f080a3eb39d5"},"headline":"Corona und Privatrecht in Deutschland und Frankreich","datePublished":"2021-03-04T15:11:36+00:00","dateModified":"2021-10-27T10:23:06+00:00","mainEntityOfPage":{"@id":"https:\/\/www.alerionavocats.com\/de\/corona-privatrecht-deutschland-frankreich\/"},"wordCount":51,"image":{"@id":"https:\/\/www.alerionavocats.com\/de\/corona-privatrecht-deutschland-frankreich\/#primaryimage"},"thumbnailUrl":"https:\/\/www.alerionavocats.com\/wp-content\/uploads\/2020\/01\/image-news.jpg","articleSection":["Kanzlei News"],"inLanguage":"de"},{"@type":"WebPage","@id":"https:\/\/www.alerionavocats.com\/de\/corona-privatrecht-deutschland-frankreich\/","url":"https:\/\/www.alerionavocats.com\/de\/corona-privatrecht-deutschland-frankreich\/","name":"Corona und Privatrecht in Deutschland und Frankreich - Alerion Avocats Paris","isPartOf":{"@id":"https:\/\/www.alerionavocats.com\/#website"},"primaryImageOfPage":{"@id":"https:\/\/www.alerionavocats.com\/de\/corona-privatrecht-deutschland-frankreich\/#primaryimage"},"image":{"@id":"https:\/\/www.alerionavocats.com\/de\/corona-privatrecht-deutschland-frankreich\/#primaryimage"},"thumbnailUrl":"https:\/\/www.alerionavocats.com\/wp-content\/uploads\/2020\/01\/image-news.jpg","datePublished":"2021-03-04T15:11:36+00:00","dateModified":"2021-10-27T10:23:06+00:00","author":{"@id":"https:\/\/www.alerionavocats.com\/#\/schema\/person\/6cd63e610407c43f6262f080a3eb39d5"},"breadcrumb":{"@id":"https:\/\/www.alerionavocats.com\/de\/corona-privatrecht-deutschland-frankreich\/#breadcrumb"},"inLanguage":"de","potentialAction":[{"@type":"ReadAction","target":["https:\/\/www.alerionavocats.com\/de\/corona-privatrecht-deutschland-frankreich\/"]}]},{"@type":"ImageObject","inLanguage":"de","@id":"https:\/\/www.alerionavocats.com\/de\/corona-privatrecht-deutschland-frankreich\/#primaryimage","url":"https:\/\/www.alerionavocats.com\/wp-content\/uploads\/2020\/01\/image-news.jpg","contentUrl":"https:\/\/www.alerionavocats.com\/wp-content\/uploads\/2020\/01\/image-news.jpg","width":2560,"height":1103},{"@type":"BreadcrumbList","@id":"https:\/\/www.alerionavocats.com\/de\/corona-privatrecht-deutschland-frankreich\/#breadcrumb","itemListElement":[{"@type":"ListItem","position":1,"name":"Home","item":"https:\/\/www.alerionavocats.com\/de\/"},{"@type":"ListItem","position":2,"name":"Corona und Privatrecht in Deutschland und Frankreich"}]},{"@type":"WebSite","@id":"https:\/\/www.alerionavocats.com\/#website","url":"https:\/\/www.alerionavocats.com\/","name":"Alerion Avocats Paris","description":"Alerion Avocats Paris","potentialAction":[{"@type":"SearchAction","target":{"@type":"EntryPoint","urlTemplate":"https:\/\/www.alerionavocats.com\/?s={search_term_string}"},"query-input":{"@type":"PropertyValueSpecification","valueRequired":true,"valueName":"search_term_string"}}],"inLanguage":"de"},{"@type":"Person","@id":"https:\/\/www.alerionavocats.com\/#\/schema\/person\/6cd63e610407c43f6262f080a3eb39d5","name":"Alerion_02","image":{"@type":"ImageObject","inLanguage":"de","@id":"https:\/\/secure.gravatar.com\/avatar\/f3eed2d386e95ae00b155c68b45e7700e282e8998a32b1accebb79094ad55115?s=96&d=mm&r=g","url":"https:\/\/secure.gravatar.com\/avatar\/f3eed2d386e95ae00b155c68b45e7700e282e8998a32b1accebb79094ad55115?s=96&d=mm&r=g","contentUrl":"https:\/\/secure.gravatar.com\/avatar\/f3eed2d386e95ae00b155c68b45e7700e282e8998a32b1accebb79094ad55115?s=96&d=mm&r=g","caption":"Alerion_02"}}]}},"_links":{"self":[{"href":"https:\/\/www.alerionavocats.com\/de\/wp-json\/wp\/v2\/posts\/9710","targetHints":{"allow":["GET"]}}],"collection":[{"href":"https:\/\/www.alerionavocats.com\/de\/wp-json\/wp\/v2\/posts"}],"about":[{"href":"https:\/\/www.alerionavocats.com\/de\/wp-json\/wp\/v2\/types\/post"}],"author":[{"embeddable":true,"href":"https:\/\/www.alerionavocats.com\/de\/wp-json\/wp\/v2\/users\/4"}],"replies":[{"embeddable":true,"href":"https:\/\/www.alerionavocats.com\/de\/wp-json\/wp\/v2\/comments?post=9710"}],"version-history":[{"count":3,"href":"https:\/\/www.alerionavocats.com\/de\/wp-json\/wp\/v2\/posts\/9710\/revisions"}],"predecessor-version":[{"id":10482,"href":"https:\/\/www.alerionavocats.com\/de\/wp-json\/wp\/v2\/posts\/9710\/revisions\/10482"}],"wp:featuredmedia":[{"embeddable":true,"href":"https:\/\/www.alerionavocats.com\/de\/wp-json\/wp\/v2\/media\/4421"}],"wp:attachment":[{"href":"https:\/\/www.alerionavocats.com\/de\/wp-json\/wp\/v2\/media?parent=9710"}],"wp:term":[{"taxonomy":"category","embeddable":true,"href":"https:\/\/www.alerionavocats.com\/de\/wp-json\/wp\/v2\/categories?post=9710"},{"taxonomy":"post_tag","embeddable":true,"href":"https:\/\/www.alerionavocats.com\/de\/wp-json\/wp\/v2\/tags?post=9710"}],"curies":[{"name":"wp","href":"https:\/\/api.w.org\/{rel}","templated":true}]}}