{"id":2346,"date":"2018-10-10T11:26:02","date_gmt":"2018-10-10T11:26:02","guid":{"rendered":"http:\/\/alerion-avocat.eliott-markus.digital\/?p=2346"},"modified":"2020-01-13T14:22:04","modified_gmt":"2020-01-13T14:22:04","slug":"alerion-beim-jaehrlichen-kongress-der-international-bar-association-iba-in-rome","status":"publish","type":"post","link":"https:\/\/www.alerionavocats.com\/de\/alerion-beim-jaehrlichen-kongress-der-international-bar-association-iba-in-rome\/","title":{"rendered":"Alerion beim j\u00e4hrlichen Kongress der International Bar Association (IBA) in Rome"},"content":{"rendered":"<p>Alerion war bei dem j\u00e4hrlichen Kongress der International Bar Association (IBA) in Rome durch 13 Partner vertreten : Jacques Bouyssou, Pierre-Olivier Brouard, Stanislas Curien, Nathalie Dupuy-Loup, Christophe Gerschel, Nicola K\u00f6mpf, Sibylle Mareau, Philippe Pescayre, Vincent Poirier, Catherine Robin, Antoine Rousseau, Fr\u00e9d\u00e9ric Saffroy, Corinne Thi\u00e9rache, und 2 of-counsels : Friedrich Niggemann und Fahima Gasmi.<\/p>\n<p>Wie jedes Jahr, konnte die Kanzlei Kollegen aus der ganzen Welt bei einem Empfang, der am 8. Oktober im Palazzo Doria Pamphilj stattfand, willkommen hei\u00dfen.<\/p>\n<p>Der IBA Kongress ist f\u00fcr Alerion die Gelegenheit, ihre Verbindungen zu Kanzleien mit Standorten in der ganzen Welt zu verst\u00e4rken, um ihre Mandanten in deren internationaler Entwicklung zu begleiten.<\/p>\n","protected":false},"excerpt":{"rendered":"<p>Alerion war bei dem j\u00e4hrlichen Kongress der International Bar Association (IBA) in Rome durch 13 Partner vertreten : Jacques Bouyssou, Pierre-Olivier Brouard, Stanislas Curien, Nathalie Dupuy-Loup, Christophe Gerschel, Nicola K\u00f6mpf, Sibylle Mareau, Philippe Pescayre, Vincent Poirier, Catherine Robin, Antoine Rousseau, Fr\u00e9d\u00e9ric Saffroy, Corinne Thi\u00e9rache, und 2 of-counsels : Friedrich Niggemann und Fahima Gasmi. Wie jedes [&hellip;]<\/p>\n","protected":false},"author":6,"featured_media":0,"comment_status":"open","ping_status":"open","sticky":false,"template":"","format":"standard","meta":{"_acf_changed":false,"footnotes":""},"categories":[676],"tags":[],"class_list":["post-2346","post","type-post","status-publish","format-standard","hentry","category-kanzlei-news"],"acf":[],"yoast_head":"<!-- This site is optimized with the Yoast SEO plugin v27.3 - https:\/\/yoast.com\/product\/yoast-seo-wordpress\/ -->\n<title>Alerion beim j\u00e4hrlichen Kongress der International Bar Association (IBA) in Rome - Alerion Avocats Paris<\/title>\n<meta name=\"robots\" content=\"index, follow, max-snippet:-1, max-image-preview:large, max-video-preview:-1\" \/>\n<link rel=\"canonical\" href=\"https:\/\/www.alerionavocats.com\/de\/alerion-beim-jaehrlichen-kongress-der-international-bar-association-iba-in-rome\/\" \/>\n<meta property=\"og:locale\" content=\"de_DE\" \/>\n<meta property=\"og:type\" content=\"article\" \/>\n<meta property=\"og:title\" content=\"Alerion beim j\u00e4hrlichen Kongress der International Bar Association (IBA) in Rome - Alerion Avocats Paris\" \/>\n<meta property=\"og:description\" content=\"Alerion war bei dem j\u00e4hrlichen Kongress der International Bar Association (IBA) in Rome durch 13 Partner vertreten : Jacques Bouyssou, Pierre-Olivier Brouard, Stanislas Curien, Nathalie Dupuy-Loup, Christophe Gerschel, Nicola K\u00f6mpf, Sibylle Mareau, Philippe Pescayre, Vincent Poirier, Catherine Robin, Antoine Rousseau, Fr\u00e9d\u00e9ric Saffroy, Corinne Thi\u00e9rache, und 2 of-counsels : Friedrich Niggemann und Fahima Gasmi. Wie jedes [&hellip;]\" \/>\n<meta property=\"og:url\" content=\"https:\/\/www.alerionavocats.com\/de\/alerion-beim-jaehrlichen-kongress-der-international-bar-association-iba-in-rome\/\" \/>\n<meta property=\"og:site_name\" content=\"Alerion Avocats Paris\" \/>\n<meta property=\"article:published_time\" content=\"2018-10-10T11:26:02+00:00\" \/>\n<meta property=\"article:modified_time\" content=\"2020-01-13T14:22:04+00:00\" \/>\n<meta name=\"author\" content=\"Eliott_Markus_Dev\" \/>\n<meta name=\"twitter:card\" content=\"summary_large_image\" \/>\n<meta name=\"twitter:label1\" content=\"Verfasst von\" \/>\n\t<meta name=\"twitter:data1\" content=\"Eliott_Markus_Dev\" \/>\n\t<meta name=\"twitter:label2\" content=\"Gesch\u00e4tzte Lesezeit\" \/>\n\t<meta name=\"twitter:data2\" content=\"1\u00a0Minute\" \/>\n<script type=\"application\/ld+json\" class=\"yoast-schema-graph\">{\"@context\":\"https:\\\/\\\/schema.org\",\"@graph\":[{\"@type\":\"Article\",\"@id\":\"https:\\\/\\\/www.alerionavocats.com\\\/de\\\/alerion-beim-jaehrlichen-kongress-der-international-bar-association-iba-in-rome\\\/#article\",\"isPartOf\":{\"@id\":\"https:\\\/\\\/www.alerionavocats.com\\\/de\\\/alerion-beim-jaehrlichen-kongress-der-international-bar-association-iba-in-rome\\\/\"},\"author\":{\"name\":\"Eliott_Markus_Dev\",\"@id\":\"https:\\\/\\\/www.alerionavocats.com\\\/#\\\/schema\\\/person\\\/dba6bae3cd7b13bb0b021c0b37a575e4\"},\"headline\":\"Alerion beim j\u00e4hrlichen Kongress der International Bar Association (IBA) in Rome\",\"datePublished\":\"2018-10-10T11:26:02+00:00\",\"dateModified\":\"2020-01-13T14:22:04+00:00\",\"mainEntityOfPage\":{\"@id\":\"https:\\\/\\\/www.alerionavocats.com\\\/de\\\/alerion-beim-jaehrlichen-kongress-der-international-bar-association-iba-in-rome\\\/\"},\"wordCount\":122,\"commentCount\":0,\"articleSection\":[\"Kanzlei News\"],\"inLanguage\":\"de\",\"potentialAction\":[{\"@type\":\"CommentAction\",\"name\":\"Comment\",\"target\":[\"https:\\\/\\\/www.alerionavocats.com\\\/de\\\/alerion-beim-jaehrlichen-kongress-der-international-bar-association-iba-in-rome\\\/#respond\"]}]},{\"@type\":\"WebPage\",\"@id\":\"https:\\\/\\\/www.alerionavocats.com\\\/de\\\/alerion-beim-jaehrlichen-kongress-der-international-bar-association-iba-in-rome\\\/\",\"url\":\"https:\\\/\\\/www.alerionavocats.com\\\/de\\\/alerion-beim-jaehrlichen-kongress-der-international-bar-association-iba-in-rome\\\/\",\"name\":\"Alerion beim j\u00e4hrlichen Kongress der International Bar Association (IBA) in Rome - Alerion Avocats Paris\",\"isPartOf\":{\"@id\":\"https:\\\/\\\/www.alerionavocats.com\\\/#website\"},\"datePublished\":\"2018-10-10T11:26:02+00:00\",\"dateModified\":\"2020-01-13T14:22:04+00:00\",\"author\":{\"@id\":\"https:\\\/\\\/www.alerionavocats.com\\\/#\\\/schema\\\/person\\\/dba6bae3cd7b13bb0b021c0b37a575e4\"},\"breadcrumb\":{\"@id\":\"https:\\\/\\\/www.alerionavocats.com\\\/de\\\/alerion-beim-jaehrlichen-kongress-der-international-bar-association-iba-in-rome\\\/#breadcrumb\"},\"inLanguage\":\"de\",\"potentialAction\":[{\"@type\":\"ReadAction\",\"target\":[\"https:\\\/\\\/www.alerionavocats.com\\\/de\\\/alerion-beim-jaehrlichen-kongress-der-international-bar-association-iba-in-rome\\\/\"]}]},{\"@type\":\"BreadcrumbList\",\"@id\":\"https:\\\/\\\/www.alerionavocats.com\\\/de\\\/alerion-beim-jaehrlichen-kongress-der-international-bar-association-iba-in-rome\\\/#breadcrumb\",\"itemListElement\":[{\"@type\":\"ListItem\",\"position\":1,\"name\":\"Home\",\"item\":\"https:\\\/\\\/www.alerionavocats.com\\\/de\\\/\"},{\"@type\":\"ListItem\",\"position\":2,\"name\":\"Alerion beim j\u00e4hrlichen Kongress der International Bar Association (IBA) in Rome\"}]},{\"@type\":\"WebSite\",\"@id\":\"https:\\\/\\\/www.alerionavocats.com\\\/#website\",\"url\":\"https:\\\/\\\/www.alerionavocats.com\\\/\",\"name\":\"Alerion Avocats Paris\",\"description\":\"Alerion Avocats Paris\",\"potentialAction\":[{\"@type\":\"SearchAction\",\"target\":{\"@type\":\"EntryPoint\",\"urlTemplate\":\"https:\\\/\\\/www.alerionavocats.com\\\/?s={search_term_string}\"},\"query-input\":{\"@type\":\"PropertyValueSpecification\",\"valueRequired\":true,\"valueName\":\"search_term_string\"}}],\"inLanguage\":\"de\"},{\"@type\":\"Person\",\"@id\":\"https:\\\/\\\/www.alerionavocats.com\\\/#\\\/schema\\\/person\\\/dba6bae3cd7b13bb0b021c0b37a575e4\",\"name\":\"Eliott_Markus_Dev\",\"image\":{\"@type\":\"ImageObject\",\"inLanguage\":\"de\",\"@id\":\"https:\\\/\\\/secure.gravatar.com\\\/avatar\\\/e82a1c875af1d10692c1bb24d4aa42c9c59dd307bec1ee5f88b9145de9873f1b?s=96&d=mm&r=g\",\"url\":\"https:\\\/\\\/secure.gravatar.com\\\/avatar\\\/e82a1c875af1d10692c1bb24d4aa42c9c59dd307bec1ee5f88b9145de9873f1b?s=96&d=mm&r=g\",\"contentUrl\":\"https:\\\/\\\/secure.gravatar.com\\\/avatar\\\/e82a1c875af1d10692c1bb24d4aa42c9c59dd307bec1ee5f88b9145de9873f1b?s=96&d=mm&r=g\",\"caption\":\"Eliott_Markus_Dev\"},\"sameAs\":[\"http:\\\/\\\/VYc4tGuc8\"]}]}<\/script>\n<!-- \/ Yoast SEO plugin. -->","yoast_head_json":{"title":"Alerion beim j\u00e4hrlichen Kongress der International Bar Association (IBA) in Rome - Alerion Avocats Paris","robots":{"index":"index","follow":"follow","max-snippet":"max-snippet:-1","max-image-preview":"max-image-preview:large","max-video-preview":"max-video-preview:-1"},"canonical":"https:\/\/www.alerionavocats.com\/de\/alerion-beim-jaehrlichen-kongress-der-international-bar-association-iba-in-rome\/","og_locale":"de_DE","og_type":"article","og_title":"Alerion beim j\u00e4hrlichen Kongress der International Bar Association (IBA) in Rome - Alerion Avocats Paris","og_description":"Alerion war bei dem j\u00e4hrlichen Kongress der International Bar Association (IBA) in Rome durch 13 Partner vertreten : Jacques Bouyssou, Pierre-Olivier Brouard, Stanislas Curien, Nathalie Dupuy-Loup, Christophe Gerschel, Nicola K\u00f6mpf, Sibylle Mareau, Philippe Pescayre, Vincent Poirier, Catherine Robin, Antoine Rousseau, Fr\u00e9d\u00e9ric Saffroy, Corinne Thi\u00e9rache, und 2 of-counsels : Friedrich Niggemann und Fahima Gasmi. Wie jedes [&hellip;]","og_url":"https:\/\/www.alerionavocats.com\/de\/alerion-beim-jaehrlichen-kongress-der-international-bar-association-iba-in-rome\/","og_site_name":"Alerion Avocats Paris","article_published_time":"2018-10-10T11:26:02+00:00","article_modified_time":"2020-01-13T14:22:04+00:00","author":"Eliott_Markus_Dev","twitter_card":"summary_large_image","twitter_misc":{"Verfasst von":"Eliott_Markus_Dev","Gesch\u00e4tzte Lesezeit":"1\u00a0Minute"},"schema":{"@context":"https:\/\/schema.org","@graph":[{"@type":"Article","@id":"https:\/\/www.alerionavocats.com\/de\/alerion-beim-jaehrlichen-kongress-der-international-bar-association-iba-in-rome\/#article","isPartOf":{"@id":"https:\/\/www.alerionavocats.com\/de\/alerion-beim-jaehrlichen-kongress-der-international-bar-association-iba-in-rome\/"},"author":{"name":"Eliott_Markus_Dev","@id":"https:\/\/www.alerionavocats.com\/#\/schema\/person\/dba6bae3cd7b13bb0b021c0b37a575e4"},"headline":"Alerion beim j\u00e4hrlichen Kongress der International Bar Association (IBA) in Rome","datePublished":"2018-10-10T11:26:02+00:00","dateModified":"2020-01-13T14:22:04+00:00","mainEntityOfPage":{"@id":"https:\/\/www.alerionavocats.com\/de\/alerion-beim-jaehrlichen-kongress-der-international-bar-association-iba-in-rome\/"},"wordCount":122,"commentCount":0,"articleSection":["Kanzlei News"],"inLanguage":"de","potentialAction":[{"@type":"CommentAction","name":"Comment","target":["https:\/\/www.alerionavocats.com\/de\/alerion-beim-jaehrlichen-kongress-der-international-bar-association-iba-in-rome\/#respond"]}]},{"@type":"WebPage","@id":"https:\/\/www.alerionavocats.com\/de\/alerion-beim-jaehrlichen-kongress-der-international-bar-association-iba-in-rome\/","url":"https:\/\/www.alerionavocats.com\/de\/alerion-beim-jaehrlichen-kongress-der-international-bar-association-iba-in-rome\/","name":"Alerion beim j\u00e4hrlichen Kongress der International Bar Association (IBA) in Rome - Alerion Avocats Paris","isPartOf":{"@id":"https:\/\/www.alerionavocats.com\/#website"},"datePublished":"2018-10-10T11:26:02+00:00","dateModified":"2020-01-13T14:22:04+00:00","author":{"@id":"https:\/\/www.alerionavocats.com\/#\/schema\/person\/dba6bae3cd7b13bb0b021c0b37a575e4"},"breadcrumb":{"@id":"https:\/\/www.alerionavocats.com\/de\/alerion-beim-jaehrlichen-kongress-der-international-bar-association-iba-in-rome\/#breadcrumb"},"inLanguage":"de","potentialAction":[{"@type":"ReadAction","target":["https:\/\/www.alerionavocats.com\/de\/alerion-beim-jaehrlichen-kongress-der-international-bar-association-iba-in-rome\/"]}]},{"@type":"BreadcrumbList","@id":"https:\/\/www.alerionavocats.com\/de\/alerion-beim-jaehrlichen-kongress-der-international-bar-association-iba-in-rome\/#breadcrumb","itemListElement":[{"@type":"ListItem","position":1,"name":"Home","item":"https:\/\/www.alerionavocats.com\/de\/"},{"@type":"ListItem","position":2,"name":"Alerion beim j\u00e4hrlichen Kongress der International Bar Association (IBA) in Rome"}]},{"@type":"WebSite","@id":"https:\/\/www.alerionavocats.com\/#website","url":"https:\/\/www.alerionavocats.com\/","name":"Alerion Avocats Paris","description":"Alerion Avocats Paris","potentialAction":[{"@type":"SearchAction","target":{"@type":"EntryPoint","urlTemplate":"https:\/\/www.alerionavocats.com\/?s={search_term_string}"},"query-input":{"@type":"PropertyValueSpecification","valueRequired":true,"valueName":"search_term_string"}}],"inLanguage":"de"},{"@type":"Person","@id":"https:\/\/www.alerionavocats.com\/#\/schema\/person\/dba6bae3cd7b13bb0b021c0b37a575e4","name":"Eliott_Markus_Dev","image":{"@type":"ImageObject","inLanguage":"de","@id":"https:\/\/secure.gravatar.com\/avatar\/e82a1c875af1d10692c1bb24d4aa42c9c59dd307bec1ee5f88b9145de9873f1b?s=96&d=mm&r=g","url":"https:\/\/secure.gravatar.com\/avatar\/e82a1c875af1d10692c1bb24d4aa42c9c59dd307bec1ee5f88b9145de9873f1b?s=96&d=mm&r=g","contentUrl":"https:\/\/secure.gravatar.com\/avatar\/e82a1c875af1d10692c1bb24d4aa42c9c59dd307bec1ee5f88b9145de9873f1b?s=96&d=mm&r=g","caption":"Eliott_Markus_Dev"},"sameAs":["http:\/\/VYc4tGuc8"]}]}},"_links":{"self":[{"href":"https:\/\/www.alerionavocats.com\/de\/wp-json\/wp\/v2\/posts\/2346","targetHints":{"allow":["GET"]}}],"collection":[{"href":"https:\/\/www.alerionavocats.com\/de\/wp-json\/wp\/v2\/posts"}],"about":[{"href":"https:\/\/www.alerionavocats.com\/de\/wp-json\/wp\/v2\/types\/post"}],"author":[{"embeddable":true,"href":"https:\/\/www.alerionavocats.com\/de\/wp-json\/wp\/v2\/users\/6"}],"replies":[{"embeddable":true,"href":"https:\/\/www.alerionavocats.com\/de\/wp-json\/wp\/v2\/comments?post=2346"}],"version-history":[{"count":8,"href":"https:\/\/www.alerionavocats.com\/de\/wp-json\/wp\/v2\/posts\/2346\/revisions"}],"predecessor-version":[{"id":3897,"href":"https:\/\/www.alerionavocats.com\/de\/wp-json\/wp\/v2\/posts\/2346\/revisions\/3897"}],"wp:attachment":[{"href":"https:\/\/www.alerionavocats.com\/de\/wp-json\/wp\/v2\/media?parent=2346"}],"wp:term":[{"taxonomy":"category","embeddable":true,"href":"https:\/\/www.alerionavocats.com\/de\/wp-json\/wp\/v2\/categories?post=2346"},{"taxonomy":"post_tag","embeddable":true,"href":"https:\/\/www.alerionavocats.com\/de\/wp-json\/wp\/v2\/tags?post=2346"}],"curies":[{"name":"wp","href":"https:\/\/api.w.org\/{rel}","templated":true}]}}